{"id":194,"date":"2020-04-20T18:50:28","date_gmt":"2020-04-20T16:50:28","guid":{"rendered":"http:\/\/cnt72.lemanscipe.lautre.net\/?p=194"},"modified":"2020-04-20T18:50:28","modified_gmt":"2020-04-20T16:50:28","slug":"nous-ne-sommes-pas-la-garderie-du-medef","status":"publish","type":"post","link":"https:\/\/cnt72.lemanscipe.lautre.net\/?p=194","title":{"rendered":"Nous ne sommes pas la garderie du Medef!"},"content":{"rendered":"\n<p>Parce que les r\u00e9elles pr\u00e9occupations de Blanquer sont bien loin de concerner notre s\u00e9curit\u00e9, organisons nous-m\u00eames l&rsquo;\u00e9cole que nous voulons.<\/p>\n\n\n\n<div class=\"wp-block-file\"><a href=\"https:\/\/cnt72.lemanscipe.lautre.net\/wp-content\/uploads\/2020\/04\/Communiqu\u00e9-Nous-ne-sommes-pas-la-garderie-du-Medef.pdf\">Communiqu\u00e9-Nous-ne-sommes-pas-la-garderie-du-Medef<\/a><a href=\"https:\/\/cnt72.lemanscipe.lautre.net\/wp-content\/uploads\/2020\/04\/Communiqu\u00e9-Nous-ne-sommes-pas-la-garderie-du-Medef.pdf\" class=\"wp-block-file__button\" download>T\u00e9l\u00e9charger<\/a><\/div>\n\n\n\n<figure class=\"wp-block-image size-large\"><img loading=\"lazy\" decoding=\"async\" width=\"724\" height=\"1024\" src=\"https:\/\/cnt72.lemanscipe.lautre.net\/wp-content\/uploads\/2020\/04\/Communiqu\u00e9-Nous-ne-sommes-pas-la-garderie-du-Medef-page-001-724x1024.jpg\" alt=\"\" class=\"wp-image-196\" srcset=\"https:\/\/cnt72.lemanscipe.lautre.net\/wp-content\/uploads\/2020\/04\/Communiqu\u00e9-Nous-ne-sommes-pas-la-garderie-du-Medef-page-001-724x1024.jpg 724w, https:\/\/cnt72.lemanscipe.lautre.net\/wp-content\/uploads\/2020\/04\/Communiqu\u00e9-Nous-ne-sommes-pas-la-garderie-du-Medef-page-001-212x300.jpg 212w, https:\/\/cnt72.lemanscipe.lautre.net\/wp-content\/uploads\/2020\/04\/Communiqu\u00e9-Nous-ne-sommes-pas-la-garderie-du-Medef-page-001-768x1086.jpg 768w, https:\/\/cnt72.lemanscipe.lautre.net\/wp-content\/uploads\/2020\/04\/Communiqu\u00e9-Nous-ne-sommes-pas-la-garderie-du-Medef-page-001-1086x1536.jpg 1086w, https:\/\/cnt72.lemanscipe.lautre.net\/wp-content\/uploads\/2020\/04\/Communiqu\u00e9-Nous-ne-sommes-pas-la-garderie-du-Medef-page-001-1200x1697.jpg 1200w, https:\/\/cnt72.lemanscipe.lautre.net\/wp-content\/uploads\/2020\/04\/Communiqu\u00e9-Nous-ne-sommes-pas-la-garderie-du-Medef-page-001.jpg 1240w\" sizes=\"auto, (max-width: 724px) 100vw, 724px\" \/><\/figure>\n\n\n\n<figure class=\"wp-block-image size-large\"><img loading=\"lazy\" decoding=\"async\" width=\"724\" height=\"1024\" src=\"https:\/\/cnt72.lemanscipe.lautre.net\/wp-content\/uploads\/2020\/04\/Communiqu\u00e9-Nous-ne-sommes-pas-la-garderie-du-Medef-page-002-724x1024.jpg\" alt=\"\" class=\"wp-image-197\" srcset=\"https:\/\/cnt72.lemanscipe.lautre.net\/wp-content\/uploads\/2020\/04\/Communiqu\u00e9-Nous-ne-sommes-pas-la-garderie-du-Medef-page-002-724x1024.jpg 724w, https:\/\/cnt72.lemanscipe.lautre.net\/wp-content\/uploads\/2020\/04\/Communiqu\u00e9-Nous-ne-sommes-pas-la-garderie-du-Medef-page-002-212x300.jpg 212w, https:\/\/cnt72.lemanscipe.lautre.net\/wp-content\/uploads\/2020\/04\/Communiqu\u00e9-Nous-ne-sommes-pas-la-garderie-du-Medef-page-002-768x1086.jpg 768w, https:\/\/cnt72.lemanscipe.lautre.net\/wp-content\/uploads\/2020\/04\/Communiqu\u00e9-Nous-ne-sommes-pas-la-garderie-du-Medef-page-002-1086x1536.jpg 1086w, https:\/\/cnt72.lemanscipe.lautre.net\/wp-content\/uploads\/2020\/04\/Communiqu\u00e9-Nous-ne-sommes-pas-la-garderie-du-Medef-page-002-1200x1697.jpg 1200w, https:\/\/cnt72.lemanscipe.lautre.net\/wp-content\/uploads\/2020\/04\/Communiqu\u00e9-Nous-ne-sommes-pas-la-garderie-du-Medef-page-002.jpg 1240w\" sizes=\"auto, (max-width: 724px) 100vw, 724px\" \/><\/figure>\n","protected":false},"excerpt":{"rendered":"<p>Parce que les r\u00e9elles pr\u00e9occupations de Blanquer sont bien loin de concerner notre s\u00e9curit\u00e9, organisons nous-m\u00eames l&rsquo;\u00e9cole que nous voulons.<\/p>\n","protected":false},"author":3,"featured_media":0,"comment_status":"open","ping_status":"open","sticky":false,"template":"","format":"standard","meta":{"footnotes":""},"categories":[4],"tags":[],"class_list":["post-194","post","type-post","status-publish","format-standard","hentry","category-communiques"],"_links":{"self":[{"href":"https:\/\/cnt72.lemanscipe.lautre.net\/index.php?rest_route=\/wp\/v2\/posts\/194","targetHints":{"allow":["GET"]}}],"collection":[{"href":"https:\/\/cnt72.lemanscipe.lautre.net\/index.php?rest_route=\/wp\/v2\/posts"}],"about":[{"href":"https:\/\/cnt72.lemanscipe.lautre.net\/index.php?rest_route=\/wp\/v2\/types\/post"}],"author":[{"embeddable":true,"href":"https:\/\/cnt72.lemanscipe.lautre.net\/index.php?rest_route=\/wp\/v2\/users\/3"}],"replies":[{"embeddable":true,"href":"https:\/\/cnt72.lemanscipe.lautre.net\/index.php?rest_route=%2Fwp%2Fv2%2Fcomments&post=194"}],"version-history":[{"count":1,"href":"https:\/\/cnt72.lemanscipe.lautre.net\/index.php?rest_route=\/wp\/v2\/posts\/194\/revisions"}],"predecessor-version":[{"id":198,"href":"https:\/\/cnt72.lemanscipe.lautre.net\/index.php?rest_route=\/wp\/v2\/posts\/194\/revisions\/198"}],"wp:attachment":[{"href":"https:\/\/cnt72.lemanscipe.lautre.net\/index.php?rest_route=%2Fwp%2Fv2%2Fmedia&parent=194"}],"wp:term":[{"taxonomy":"category","embeddable":true,"href":"https:\/\/cnt72.lemanscipe.lautre.net\/index.php?rest_route=%2Fwp%2Fv2%2Fcategories&post=194"},{"taxonomy":"post_tag","embeddable":true,"href":"https:\/\/cnt72.lemanscipe.lautre.net\/index.php?rest_route=%2Fwp%2Fv2%2Ftags&post=194"}],"curies":[{"name":"wp","href":"https:\/\/api.w.org\/{rel}","templated":true}]}}